{"id":7866,"date":"2024-03-03T23:49:39","date_gmt":"2024-03-03T23:49:39","guid":{"rendered":"https:\/\/milei.ufm.edu\/es\/?p=7866"},"modified":"2024-09-07T22:13:09","modified_gmt":"2024-09-07T22:13:09","slug":"plan-monetario-desinflacion","status":"publish","type":"post","link":"https:\/\/milei.ufm.edu\/es\/2024\/plan-monetario-desinflacion\/","title":{"rendered":"El plan monetario de Milei y la desinflaci\u00f3n"},"content":{"rendered":"\n<p>El \u00cdndice de precios al consumidor (IPC) acumul\u00f3 un incremento del 211.4 % en 2023, saltando el dato mensual del 6 % en enero al 25.5 % en diciembre de 2023. Bajo esa din\u00e1mica ascendente la Argentina claramente se encaminaba a una hiperinflaci\u00f3n. Javier Milei cit\u00f3 en campa\u00f1a a Milton Friedman se\u00f1alando que la \u00fanica causa de este flagelo es monetaria, lo que lleva al gobierno hoy a aplicar un plan monetario de desinflaci\u00f3n que si bien mantendr\u00eda el IPC en niveles acumulados similares para 2024, los datos mensuales ir\u00e1n en franco descenso, iniciando con 20 % en enero pero bajando a un d\u00edgito mensual desde junio de este a\u00f1o. \u00bfEs factible pensar en un descenso continuo de la tasa de inflaci\u00f3n en 2024, a trav\u00e9s de un plan monetario contractivo, reconociendo adem\u00e1s la inflaci\u00f3n reprimida?<\/p>\n\n\n<h2 class=\"wp-block-heading\" id=\"el-punto-de-partida\">El punto de partida<\/h2>\n\n\n<p>El balance del Banco Central presenta tres partidas fundamentales para desentra\u00f1ar y comprender las intenciones del plan monetario de Caputo-Milei:<\/p>\n\n\n\n<ol class=\"wp-block-list\">\n<li>La base monetaria, que al 20 de febrero sumaba $10,3 billones, mismo monto que al 10 de diciembre. Pensamos que aqu\u00ed hay un ancla no expl\u00edcita del Gobierno;<\/li>\n\n\n\n<li>Los pasivos remunerados, antes Lebac o Leliq, ahora Pases pasivos, que a esa fecha sumaban $27,9 billones, frente a $26,8 billones al 10 de diciembre; y<\/li>\n\n\n\n<li>En el activo, las reservas internacionales, que al 20 de febrero sumaban USD 27.103 millones, en comparaci\u00f3n con USD 21.209 millones al inicio del gobierno).<\/li>\n<\/ol>\n\n\n\n<p>Si seguimos la l\u00f3gica de Milton Friedman -que el presidente Javier Milei ha repetido hasta el cansancio-, la \u00fanica explicaci\u00f3n para los niveles actuales de inflaci\u00f3n es el desequilibrio monetario. Es por ello por lo que el ajuste fiscal hace en este plan econ\u00f3mico de \u201cancla\u201d, pues equilibrar las cuentas p\u00fablicas permite dejar de monetizar el d\u00e9ficit presupuestario del Tesoro, lo que implicar\u00eda hacia adelante mantener constante la base monetaria.<\/p>\n\n\n<h2 class=\"wp-block-heading\" id=\"inconvenientes\">Inconvenientes<\/h2>\n\n\n<p>Lo dicho, sin embargo, tiene dos inconvenientes:<\/p>\n\n\n\n<ol class=\"wp-block-list\">\n<li>El volumen de los pases pasivos, que potencialmente podr\u00edan generar emisi\u00f3n e inflaci\u00f3n futura. Si los plazos fijos no se renuevan, los bancos tendr\u00e1n que entregar pesos a los depositantes, y eso implicar\u00eda una ampliaci\u00f3n de la base monetaria. El BCRA, sin embargo, puede mostrar con \u00e9xito el haber desactivado este riesgo, incluso con una baja contundente en la tasa de inter\u00e9s con la que remuneraba estos pasivos, antes del 130% anual, hoy del 100% anual. Una tasa de inflaci\u00f3n proyectada alrededor de 200% anual para 2024, implica que estos pasivos se est\u00e1n licuando aceleradamente;<\/li>\n\n\n\n<li>La compra de divisas para conformar reservas internacionales. Aunque cabe se\u00f1alar que es mayormente el Tesoro quien est\u00e1 financiando estas compras de reservas v\u00eda deuda en pesos, para luego entregarlos al BCRA. En otros t\u00e9rminos, lo que estamos viendo es una reversi\u00f3n del proceso de acumulaci\u00f3n de deuda de la Administraci\u00f3n Central con la autoridad monetaria, mientras este se responsabiliza por su desmanejo pasado (en manos de otros gobiernos).<\/li>\n<\/ol>\n\n\n<h2 class=\"wp-block-heading\" id=\"el-plan-monetario-y-expectativas-de-inflacion\">El plan monetario y expectativas de inflaci\u00f3n<\/h2>\n\n\n<p>El plan monetario del Banco Central para 2024 consiste en contener el crecimiento de la base monetaria, al tiempo que lic\u00faa los pasivos remunerados, y suma nuevas reservas, lo que es un paso previo para cualquier plan de estabilizaci\u00f3n que se quiera aplicar, o incluso para dolarizar la econom\u00eda argentina.<\/p>\n\n\n\n<p>El plan tras los primeros 60 d\u00edas parece mostrar un rotundo \u00e9xito, lo que permite desactivar expectativas de hiperinflaci\u00f3n, y mostrar inmediatamente un descenso del registro de inflaci\u00f3n mensual medido por IPC (25,5 % en diciembre 23, 20,6 % en enero 24 y 18 % estimado para febrero 24).<\/p>\n\n\n\n<p>Al respecto, cabe citar el Relevamiento de Expectativas de Mercado (REM) que emite mensualmente el Banco Central con la colaboraci\u00f3n de consultores privados.<\/p>\n\n\n\n<p><div style=\"min-height:309px\"><script type=\"text\/javascript\" defer src=\"https:\/\/datawrapper.dwcdn.net\/tGytP\/embed.js?v=2\" charset=\"utf-8\"><\/script><noscript><img decoding=\"async\" src=\"https:\/\/datawrapper.dwcdn.net\/tGytP\/full.png\" alt=\"\" \/><\/noscript><\/div><\/p>\n\n\n\n<p>Al momento, el \u00faltimo informe corresponde a enero, lo que muestra que el resultado del IPC en 20,6 % fue incluso inferior a la media proyectada por consultores privados en 21,9 %. El REM de febrero seguramente mostrar\u00e1 expectativas aun m\u00e1s favorables que las que se pueden observar en el gr\u00e1fico, si incluimos la nueva informaci\u00f3n del resultado fiscal de enero y la acumulaci\u00f3n de reservas internacionales.<\/p>\n\n\n\n<p><div style=\"min-height:400px\"><script type=\"text\/javascript\" defer src=\"https:\/\/datawrapper.dwcdn.net\/3PIwZ\/embed.js?v=2\" charset=\"utf-8\"><\/script><noscript><img decoding=\"async\" src=\"https:\/\/datawrapper.dwcdn.net\/3PIwZ\/full.png\" alt=\"\" \/><\/noscript><\/div><\/p>\n\n\n\n<p>Las reservas crecen por sus compras diarias. Incluso estimamos que la meta de acumulaci\u00f3n de reservas para el 2024 con el FMI podr\u00eda ser ampliamente superada -actualmente las compras mensuales promedian alrededor de USD 2.500 millones, adem\u00e1s del pr\u00e9stamo del FMI, mientras se espera por los resultados de la cosecha hacia mitad de a\u00f1o.<\/p>\n\n\n\n<p>Aqu\u00ed jug\u00f3 un rol central el Bopreal, un bono emitido por el BCRA, pues sus exitosas colocaciones de enero y febrero les permite a los importadores, mediante la venta en el mercado secundario, obtener las divisas para cancelar deudas, al tiempo que absorbi\u00f3 base monetaria y permiti\u00f3 la compra parcial de reservas.<\/p>\n\n\n<h2 class=\"wp-block-heading\" id=\"si-se-confirma-la-baja-en-la-inflacion-se-recuperara-la-demanda-de-dinero\">Si se confirma la baja en la inflaci\u00f3n, se recuperar\u00e1 la demanda de dinero<\/h2>\n\n\n<p>Dicha baja en la tasa de inflaci\u00f3n mensual, incluso desde el segundo trimestre de 2024, ir\u00e1 formando expectativas de estabilizaci\u00f3n, lo que permitir\u00e1 incrementar la demanda de dinero (se comporta inversamente a la tasa inflaci\u00f3n) para absorber parte de los pasivos del BCRA.<\/p>\n\n\n\n<p>Recordemos que la econom\u00eda argentina se encuentra desmonetizada, considerando que en situaciones normales opera con 15% de M2 (base monetaria m\u00e1s cuentas a la vista) sobre PBI y\/o base monetaria 9%, mientras que hoy apenas cuenta con 7,5% y 3% de PBI, respectivamente.<\/p>\n\n\n\n<p>El incremento en la demanda de dinero que acompa\u00f1ara el proceso de estabilizaci\u00f3n adem\u00e1s permite que el BCRA reduzca la tasa a la que remunera sus pasivos, lo que implica una parcial absorci\u00f3n de estos excedentes de dinero en un proceso de normalizaci\u00f3n.<\/p>\n\n\n<h2 class=\"wp-block-heading\" id=\"las-microdevaluaciones-del-2-mensual\">Las micro-devaluaciones del 2 % mensual<\/h2>\n\n\n<p>Numerosos analistas destacan que dada la tasa de inflaci\u00f3n que se acumular\u00e1 entre diciembre 2023 y febrero de 2024, y en igual medida en los meses siguientes, el Gobierno tendr\u00e1 que reconocer una nueva devaluaci\u00f3n, y as\u00ed evitar que se vuelva a atrasar el tipo de cambio. Sin embargo, dada la magnitud de la devaluaci\u00f3n inicial y el temor de que una devaluaci\u00f3n implique una escalada de precios y un impacto en la demanda de dinero, el gobierno ha insistido que no habr\u00e1 devaluaci\u00f3n. Al ancla fiscal y el plan monetario que aqu\u00ed describimos, se suma el ancla cambiaria.<\/p>\n\n\n\n<p>Al respecto el mercado empieza a ofrecer mejores expectativas sobre la posibilidad que el Ministro Caputo pueda sostener el crawling peg en torno al 2%. Aun as\u00ed, la proyecci\u00f3n de consultores privados en el REM toma un tipo de cambio a dic-24 de 1700 pesos, lo que implica una tasa de devaluaci\u00f3n mayor, en torno al 7-8 %. \u00bfCorregir\u00e1 el REM estas expectativas?<\/p>\n\n\n\n<p><div style=\"min-height:290px\"><script type=\"text\/javascript\" defer src=\"https:\/\/datawrapper.dwcdn.net\/m41Sv\/embed.js?v=1\" charset=\"utf-8\"><\/script><noscript><img decoding=\"async\" src=\"https:\/\/datawrapper.dwcdn.net\/m41Sv\/full.png\" alt=\"\" \/><\/noscript><\/div><\/p>\n\n\n\n<div style=\"height:20px\" aria-hidden=\"true\" class=\"wp-block-spacer\"><\/div>\n\n\n<h2 class=\"wp-block-heading\" id=\"la-inflacion-reprimida\">La inflaci\u00f3n reprimida<\/h2>\n\n\n<p>De lo dicho se observa que el problema inflacionario de Argentina no se resuelve \u00fanicamente con un plan fiscal ortodoxo que permita alcanzar el equilibrio fiscal, y as\u00ed dejar de monetizar el d\u00e9ficit del Tesoro. Y es que la acumulaci\u00f3n de los pases pasivos representan inflaci\u00f3n futura, al comprender que pueden convertirse en fuente de incremento de la base monetaria.<\/p>\n\n\n\n<p>Aun si el Banco Central contiene esta fuente de inflaci\u00f3n, y adem\u00e1s evita una nueva devaluaci\u00f3n, igualmente Argentina tiene que resolver todav\u00eda otros problemas que podr\u00edan causar inflaci\u00f3n.<\/p>\n\n\n\n<p>Se trata del control de precios o el programa de \u201cprecios cuidados\u201d sumado al atraso de algunos precios como el combustible y las tarifas de servicios p\u00fablicos que podr\u00edan recibir \u201ctarifazos\u201d en marzo, mientras se intenta quitar los subsidios para bajar el gasto p\u00fablico. Este punto en particular merece un debate aparte.<\/p>\n\n\n\n<p>Algunos analistas sostenemos que los tarifazos no son inflacionarios, pues si bien obligan a los consumidores a destinar m\u00e1s dinero a estos bienes o servicios de la canasta, al hacerlo se ver\u00e1n obligados a reducir su gasto en los otros. Si bien el IPC puede mostrar el impacto en el consumo de estos bienes o servicios, tambi\u00e9n es cierto que en el agregado no habr\u00eda impacto.<\/p>\n","protected":false},"excerpt":{"rendered":"<p>\u00bfEs factible pensar en un descenso continuo de la tasa de inflaci\u00f3n en 2024, reconociendo la inflaci\u00f3n reprimida?<\/p>\n","protected":false},"author":2,"featured_media":9055,"comment_status":"open","ping_status":"open","sticky":false,"template":"","format":"standard","meta":{"footnotes":""},"categories":[1],"tags":[664,665],"tema":[666],"class_list":["post-7866","post","type-post","status-publish","format-standard","has-post-thumbnail","hentry","category-sin-categoria","tag-desinflacion","tag-plan-monetario","tema-reforma-monetaria"],"yoast_head":"<!-- This site is optimized with the Yoast SEO plugin v22.1 - https:\/\/yoast.com\/wordpress\/plugins\/seo\/ -->\n<title>El plan monetario de Milei y la desinflaci\u00f3n | UFM Reform Watch<\/title>\n<meta name=\"description\" content=\"\u00bfEs factible pensar en un descenso continuo de la tasa de inflaci\u00f3n en 2024, reconociendo la inflaci\u00f3n reprimida?\" \/>\n<meta name=\"robots\" content=\"index, follow, max-snippet:-1, max-image-preview:large, max-video-preview:-1\" \/>\n<link rel=\"canonical\" href=\"https:\/\/milei.ufm.edu\/es\/2024\/plan-monetario-desinflacion\/\" \/>\n<meta property=\"og:locale\" content=\"es_ES\" \/>\n<meta property=\"og:type\" content=\"article\" \/>\n<meta property=\"og:title\" content=\"El plan monetario de Milei y la desinflaci\u00f3n\" \/>\n<meta property=\"og:description\" content=\"\u00bfEs factible pensar en un descenso continuo de la tasa de inflaci\u00f3n en 2024, reconociendo la inflaci\u00f3n reprimida?\" \/>\n<meta property=\"og:url\" content=\"https:\/\/milei.ufm.edu\/es\/2024\/plan-monetario-desinflacion\/\" \/>\n<meta property=\"og:site_name\" content=\"UFM Reform Watch\" \/>\n<meta property=\"article:published_time\" content=\"2024-03-03T23:49:39+00:00\" \/>\n<meta property=\"article:modified_time\" content=\"2024-09-07T22:13:09+00:00\" \/>\n<meta property=\"og:image\" content=\"https:\/\/milei.ufm.edu\/es\/wp-content\/uploads\/2024\/03\/Adrian-Ravier-4.jpg\" \/>\n\t<meta property=\"og:image:width\" content=\"1200\" \/>\n\t<meta property=\"og:image:height\" content=\"630\" \/>\n\t<meta property=\"og:image:type\" content=\"image\/jpeg\" \/>\n<meta name=\"author\" content=\"Olav Dirkmaat\" \/>\n<meta name=\"twitter:card\" content=\"summary_large_image\" \/>\n<meta name=\"twitter:title\" content=\"El plan monetario de Milei y la desinflaci\u00f3n\" \/>\n<meta name=\"twitter:description\" content=\"\u00bfEs factible pensar en un descenso continuo de la tasa de inflaci\u00f3n en 2024, reconociendo la inflaci\u00f3n reprimida?\" \/>\n<meta name=\"twitter:image\" content=\"https:\/\/milei.ufm.edu\/es\/wp-content\/uploads\/2024\/03\/Adrian-Ravier-4.jpg\" \/>\n<meta name=\"twitter:label1\" content=\"Escrito por\" \/>\n\t<meta name=\"twitter:data1\" content=\"Olav Dirkmaat\" \/>\n\t<meta name=\"twitter:label2\" content=\"Tiempo de lectura\" \/>\n\t<meta name=\"twitter:data2\" content=\"7 minutos\" \/>\n<script type=\"application\/ld+json\" class=\"yoast-schema-graph\">{\"@context\":\"https:\/\/schema.org\",\"@graph\":[{\"@type\":\"WebPage\",\"@id\":\"https:\/\/milei.ufm.edu\/es\/2024\/plan-monetario-desinflacion\/\",\"url\":\"https:\/\/milei.ufm.edu\/es\/2024\/plan-monetario-desinflacion\/\",\"name\":\"El plan monetario de Milei y la desinflaci\u00f3n | UFM Reform Watch\",\"isPartOf\":{\"@id\":\"https:\/\/milei.ufm.edu\/es\/#website\"},\"datePublished\":\"2024-03-03T23:49:39+00:00\",\"dateModified\":\"2024-09-07T22:13:09+00:00\",\"author\":{\"@id\":\"https:\/\/milei.ufm.edu\/es\/#\/schema\/person\/dba7e465448d701d55815a1d2ce58565\"},\"description\":\"\u00bfEs factible pensar en un descenso continuo de la tasa de inflaci\u00f3n en 2024, reconociendo la inflaci\u00f3n reprimida?\",\"breadcrumb\":{\"@id\":\"https:\/\/milei.ufm.edu\/es\/2024\/plan-monetario-desinflacion\/#breadcrumb\"},\"inLanguage\":\"es\",\"potentialAction\":[{\"@type\":\"ReadAction\",\"target\":[\"https:\/\/milei.ufm.edu\/es\/2024\/plan-monetario-desinflacion\/\"]}]},{\"@type\":\"BreadcrumbList\",\"@id\":\"https:\/\/milei.ufm.edu\/es\/2024\/plan-monetario-desinflacion\/#breadcrumb\",\"itemListElement\":[{\"@type\":\"ListItem\",\"position\":1,\"name\":\"Portada\",\"item\":\"https:\/\/milei.ufm.edu\/es\/\"},{\"@type\":\"ListItem\",\"position\":2,\"name\":\"El plan monetario de Milei y la desinflaci\u00f3n\"}]},{\"@type\":\"WebSite\",\"@id\":\"https:\/\/milei.ufm.edu\/es\/#website\",\"url\":\"https:\/\/milei.ufm.edu\/es\/\",\"name\":\"UFM Reform Watch\",\"description\":\"UFM Reform Watch de Milei 2023-2027\",\"potentialAction\":[{\"@type\":\"SearchAction\",\"target\":{\"@type\":\"EntryPoint\",\"urlTemplate\":\"https:\/\/milei.ufm.edu\/es\/?s={search_term_string}\"},\"query-input\":\"required name=search_term_string\"}],\"inLanguage\":\"es\"},{\"@type\":\"Person\",\"@id\":\"https:\/\/milei.ufm.edu\/es\/#\/schema\/person\/dba7e465448d701d55815a1d2ce58565\",\"name\":\"Olav Dirkmaat\",\"image\":{\"@type\":\"ImageObject\",\"inLanguage\":\"es\",\"@id\":\"https:\/\/milei.ufm.edu\/es\/#\/schema\/person\/image\/\",\"url\":\"https:\/\/secure.gravatar.com\/avatar\/4dfce7f9b4149da02a0897f38cb0a1cd16b4269afe738a9961eae43b7f5c0365?s=96&d=mm&r=g\",\"contentUrl\":\"https:\/\/secure.gravatar.com\/avatar\/4dfce7f9b4149da02a0897f38cb0a1cd16b4269afe738a9961eae43b7f5c0365?s=96&d=mm&r=g\",\"caption\":\"Olav Dirkmaat\"},\"url\":\"https:\/\/milei.ufm.edu\/es\/author\/olav\/\"}]}<\/script>\n<!-- \/ Yoast SEO plugin. -->","yoast_head_json":{"title":"El plan monetario de Milei y la desinflaci\u00f3n | UFM Reform Watch","description":"\u00bfEs factible pensar en un descenso continuo de la tasa de inflaci\u00f3n en 2024, reconociendo la inflaci\u00f3n reprimida?","robots":{"index":"index","follow":"follow","max-snippet":"max-snippet:-1","max-image-preview":"max-image-preview:large","max-video-preview":"max-video-preview:-1"},"canonical":"https:\/\/milei.ufm.edu\/es\/2024\/plan-monetario-desinflacion\/","og_locale":"es_ES","og_type":"article","og_title":"El plan monetario de Milei y la desinflaci\u00f3n","og_description":"\u00bfEs factible pensar en un descenso continuo de la tasa de inflaci\u00f3n en 2024, reconociendo la inflaci\u00f3n reprimida?","og_url":"https:\/\/milei.ufm.edu\/es\/2024\/plan-monetario-desinflacion\/","og_site_name":"UFM Reform Watch","article_published_time":"2024-03-03T23:49:39+00:00","article_modified_time":"2024-09-07T22:13:09+00:00","og_image":[{"width":1200,"height":630,"url":"https:\/\/milei.ufm.edu\/es\/wp-content\/uploads\/2024\/03\/Adrian-Ravier-4.jpg","type":"image\/jpeg"}],"author":"Olav Dirkmaat","twitter_card":"summary_large_image","twitter_title":"El plan monetario de Milei y la desinflaci\u00f3n","twitter_description":"\u00bfEs factible pensar en un descenso continuo de la tasa de inflaci\u00f3n en 2024, reconociendo la inflaci\u00f3n reprimida?","twitter_image":"https:\/\/milei.ufm.edu\/es\/wp-content\/uploads\/2024\/03\/Adrian-Ravier-4.jpg","twitter_misc":{"Escrito por":"Olav Dirkmaat","Tiempo de lectura":"7 minutos"},"schema":{"@context":"https:\/\/schema.org","@graph":[{"@type":"WebPage","@id":"https:\/\/milei.ufm.edu\/es\/2024\/plan-monetario-desinflacion\/","url":"https:\/\/milei.ufm.edu\/es\/2024\/plan-monetario-desinflacion\/","name":"El plan monetario de Milei y la desinflaci\u00f3n | UFM Reform Watch","isPartOf":{"@id":"https:\/\/milei.ufm.edu\/es\/#website"},"datePublished":"2024-03-03T23:49:39+00:00","dateModified":"2024-09-07T22:13:09+00:00","author":{"@id":"https:\/\/milei.ufm.edu\/es\/#\/schema\/person\/dba7e465448d701d55815a1d2ce58565"},"description":"\u00bfEs factible pensar en un descenso continuo de la tasa de inflaci\u00f3n en 2024, reconociendo la inflaci\u00f3n reprimida?","breadcrumb":{"@id":"https:\/\/milei.ufm.edu\/es\/2024\/plan-monetario-desinflacion\/#breadcrumb"},"inLanguage":"es","potentialAction":[{"@type":"ReadAction","target":["https:\/\/milei.ufm.edu\/es\/2024\/plan-monetario-desinflacion\/"]}]},{"@type":"BreadcrumbList","@id":"https:\/\/milei.ufm.edu\/es\/2024\/plan-monetario-desinflacion\/#breadcrumb","itemListElement":[{"@type":"ListItem","position":1,"name":"Portada","item":"https:\/\/milei.ufm.edu\/es\/"},{"@type":"ListItem","position":2,"name":"El plan monetario de Milei y la desinflaci\u00f3n"}]},{"@type":"WebSite","@id":"https:\/\/milei.ufm.edu\/es\/#website","url":"https:\/\/milei.ufm.edu\/es\/","name":"UFM Reform Watch","description":"UFM Reform Watch de Milei 2023-2027","potentialAction":[{"@type":"SearchAction","target":{"@type":"EntryPoint","urlTemplate":"https:\/\/milei.ufm.edu\/es\/?s={search_term_string}"},"query-input":"required name=search_term_string"}],"inLanguage":"es"},{"@type":"Person","@id":"https:\/\/milei.ufm.edu\/es\/#\/schema\/person\/dba7e465448d701d55815a1d2ce58565","name":"Olav Dirkmaat","image":{"@type":"ImageObject","inLanguage":"es","@id":"https:\/\/milei.ufm.edu\/es\/#\/schema\/person\/image\/","url":"https:\/\/secure.gravatar.com\/avatar\/4dfce7f9b4149da02a0897f38cb0a1cd16b4269afe738a9961eae43b7f5c0365?s=96&d=mm&r=g","contentUrl":"https:\/\/secure.gravatar.com\/avatar\/4dfce7f9b4149da02a0897f38cb0a1cd16b4269afe738a9961eae43b7f5c0365?s=96&d=mm&r=g","caption":"Olav Dirkmaat"},"url":"https:\/\/milei.ufm.edu\/es\/author\/olav\/"}]}},"meta_box":{"destacado":"0","cadep_autor":["3302"],"post_concept":[]},"_links":{"self":[{"href":"https:\/\/milei.ufm.edu\/es\/wp-json\/wp\/v2\/posts\/7866","targetHints":{"allow":["GET"]}}],"collection":[{"href":"https:\/\/milei.ufm.edu\/es\/wp-json\/wp\/v2\/posts"}],"about":[{"href":"https:\/\/milei.ufm.edu\/es\/wp-json\/wp\/v2\/types\/post"}],"author":[{"embeddable":true,"href":"https:\/\/milei.ufm.edu\/es\/wp-json\/wp\/v2\/users\/2"}],"replies":[{"embeddable":true,"href":"https:\/\/milei.ufm.edu\/es\/wp-json\/wp\/v2\/comments?post=7866"}],"version-history":[{"count":6,"href":"https:\/\/milei.ufm.edu\/es\/wp-json\/wp\/v2\/posts\/7866\/revisions"}],"predecessor-version":[{"id":8179,"href":"https:\/\/milei.ufm.edu\/es\/wp-json\/wp\/v2\/posts\/7866\/revisions\/8179"}],"wp:featuredmedia":[{"embeddable":true,"href":"https:\/\/milei.ufm.edu\/es\/wp-json\/wp\/v2\/media\/9055"}],"wp:attachment":[{"href":"https:\/\/milei.ufm.edu\/es\/wp-json\/wp\/v2\/media?parent=7866"}],"wp:term":[{"taxonomy":"category","embeddable":true,"href":"https:\/\/milei.ufm.edu\/es\/wp-json\/wp\/v2\/categories?post=7866"},{"taxonomy":"post_tag","embeddable":true,"href":"https:\/\/milei.ufm.edu\/es\/wp-json\/wp\/v2\/tags?post=7866"},{"taxonomy":"tema","embeddable":true,"href":"https:\/\/milei.ufm.edu\/es\/wp-json\/wp\/v2\/tema?post=7866"}],"curies":[{"name":"wp","href":"https:\/\/api.w.org\/{rel}","templated":true}]}}