{"id":8524,"date":"2024-06-19T01:08:50","date_gmt":"2024-06-19T01:08:50","guid":{"rendered":"https:\/\/milei.ufm.edu\/es\/?p=8524"},"modified":"2024-09-07T21:45:32","modified_gmt":"2024-09-07T21:45:32","slug":"milei-consigue-superavit-fiscal","status":"publish","type":"post","link":"https:\/\/milei.ufm.edu\/es\/2024\/milei-consigue-superavit-fiscal\/","title":{"rendered":"La Argentina de Milei consigue un super\u00e1vit fiscal por quinto mes consecutivo"},"content":{"rendered":"\n<p>Las expectativas macroecon\u00f3micas anunciaban que mayo ser\u00eda el mes donde el super\u00e1vit fiscal de Argentina llegar\u00eda a su fin, sin embargo, la administraci\u00f3n Milei ha vuelto a sorprender consiguiendo su quinto mes consecutivo con un nivel de ingreso p\u00fablico mayor al nivel de gasto p\u00fablico.<\/p>\n\n\n\n<blockquote class=\"wp-block-quote has-white-color has-vivid-red-background-color has-text-color has-background has-link-color has-small-font-size wp-elements-1e6919e4ffdfbff7d8e760d48e62c3f1 is-layout-flow wp-block-quote-is-layout-flow\" style=\"border-style:none;border-width:0px;border-radius:0px\">\n<p>Los 5 meses consecutivos del super\u00e1vit fiscal del gobierno de Milei tienen m\u00e1s m\u00e9rito si tenemos en cuenta la cr\u00f3nica e incurable historia fiscal reciente de Argentina. Esta es posiblemente una de las estabilizaciones macroecon\u00f3micas m\u00e1s r\u00e1pidas (y con un <em>shock<\/em> mayor) de   las \u00faltimas d\u00e9cadas.<\/p>\n<cite>Daniel Fern\u00e1ndez<\/cite><\/blockquote>\n\n\n\n<p>El super\u00e1vit primario, que mide el exceso de ingreso sobre gasto p\u00fablico antes del pago de intereses, ha llegado al 1,0% del PIB (acumulado hasta mayo de 2024). En claro contraste, en mayo del a\u00f1o 2023 esta cifra era del -0,7% del PIB.<\/p>\n\n\n\n<iframe title=\"Resultado primario del Gobierno Nacional\" aria-label=\"Interactive line chart\" id=\"datawrapper-chart-2fBB0\" src=\"https:\/\/datawrapper.dwcdn.net\/2fBB0\/18\/\" scrolling=\"no\" frameborder=\"0\" style=\"width: 0; min-width: 100% !important; border: none;\" height=\"468\" data-external=\"1\"><\/iframe><script type=\"text\/javascript\">!function(){\"use strict\";window.addEventListener(\"message\",(function(a){if(void 0!==a.data[\"datawrapper-height\"]){var e=document.querySelectorAll(\"iframe\");for(var t in a.data[\"datawrapper-height\"])for(var r=0;r<e.length;r++)if(e[r].contentWindow===a.source){var i=a.data[\"datawrapper-height\"][t]+\"px\";e[r].style.height=i}}}))}();\n<\/script>\n\n\n\n<p>El super\u00e1vit financiero de Argentina, cifra que ya incluye el pago de intereses por la deuda acumulada anteriormente, ha sido del 0,4% del PIB (acumulado hasta mayo de 2024). Esta cifra tambi\u00e9n contrasta de sobremanera con la cifra del a\u00f1o 2023 que era del 1,3% del PIB.<\/p>\n\n\n\n<iframe title=\"(-) D\u00e9ficit \/ (+) super\u00e1vit fiscal del Gobierno Nacional\" aria-label=\"Interactive line chart\" id=\"datawrapper-chart-5eAdm\" src=\"https:\/\/datawrapper.dwcdn.net\/5eAdm\/13\/\" scrolling=\"no\" frameborder=\"0\" style=\"width: 0; min-width: 100% !important; border: none;\" height=\"485\" data-external=\"1\"><\/iframe><script type=\"text\/javascript\">!function(){\"use strict\";window.addEventListener(\"message\",(function(a){if(void 0!==a.data[\"datawrapper-height\"]){var e=document.querySelectorAll(\"iframe\");for(var t in a.data[\"datawrapper-height\"])for(var r=0;r<e.length;r++)if(e[r].contentWindow===a.source){var i=a.data[\"datawrapper-height\"][t]+\"px\";e[r].style.height=i}}}))}();\n<\/script>\n\n\n\n<p>El \u00faltimo super\u00e1vit fiscal de Argentina ocurri\u00f3 en el a\u00f1o 2008. Desde el a\u00f1o 2011 se puede decir que los gobiernos argentinos inician un prolongado periodo de irresponsabilidad fiscal que dur\u00f3 hasta el a\u00f1o 2023. En este periodo de irresponsabilidad fiscal, el d\u00e9ficit promedio sobre PIB en las cuentas p\u00fablicas de Argentina fue del 4,9% (una cifra enorme para est\u00e1ndares internacionales). El gobierno de Milei ha roto este periodo de irresponsabilidad fiscal.<\/p>\n\n\n\n<iframe title=\"D\u00e9ficit fiscal sobre PIB Argentina (1994-2023)\" aria-label=\"Interactive line chart\" id=\"datawrapper-chart-zlZAl\" src=\"https:\/\/datawrapper.dwcdn.net\/zlZAl\/1\/\" scrolling=\"no\" frameborder=\"0\" style=\"width: 0; min-width: 100% !important; border: none;\" height=\"510\" data-external=\"1\"><\/iframe><script type=\"text\/javascript\">!function(){\"use strict\";window.addEventListener(\"message\",(function(a){if(void 0!==a.data[\"datawrapper-height\"]){var e=document.querySelectorAll(\"iframe\");for(var t in a.data[\"datawrapper-height\"])for(var r=0;r<e.length;r++)if(e[r].contentWindow===a.source){var i=a.data[\"datawrapper-height\"][t]+\"px\";e[r].style.height=i}}}))}();\n<\/script>\n\n\n\n<p>Los 5 meses consecutivos del super\u00e1vit fiscal del gobierno de Milei tienen m\u00e1s m\u00e9rito si tenemos en cuenta la cr\u00f3nica e incurable historia fiscal reciente de Argentina. Esta es posiblemente una de las estabilizaciones macroecon\u00f3micas m\u00e1s r\u00e1pidas (y con un <em>shock<\/em> mayor) de las \u00faltimas d\u00e9cadas.<\/p>\n","protected":false},"excerpt":{"rendered":"<p>El super\u00e1vit fiscal de Argentina es posiblemente una de las estabilizaciones macroecon\u00f3micas m\u00e1s r\u00e1pidas (y con un shock mayor) de las \u00faltimas d\u00e9cadas.<\/p>\n","protected":false},"author":10,"featured_media":9040,"comment_status":"open","ping_status":"open","sticky":false,"template":"","format":"standard","meta":{"footnotes":""},"categories":[1],"tags":[],"tema":[675],"class_list":["post-8524","post","type-post","status-publish","format-standard","has-post-thumbnail","hentry","category-sin-categoria","tema-finanzas-publicas"],"yoast_head":"<!-- This site is optimized with the Yoast SEO plugin v22.1 - https:\/\/yoast.com\/wordpress\/plugins\/seo\/ -->\n<title>La Argentina de Milei consigue un super\u00e1vit fiscal por quinto mes consecutivo | UFM Reform Watch<\/title>\n<meta name=\"description\" content=\"El super\u00e1vit fiscal de Argentina es posiblemente una de las estabilizaciones macroecon\u00f3micas m\u00e1s r\u00e1pidas (y con un shock mayor) de las \u00faltimas d\u00e9cadas.\" \/>\n<meta name=\"robots\" content=\"index, follow, max-snippet:-1, max-image-preview:large, max-video-preview:-1\" \/>\n<link rel=\"canonical\" href=\"https:\/\/milei.ufm.edu\/es\/2024\/milei-consigue-superavit-fiscal\/\" \/>\n<meta property=\"og:locale\" content=\"es_ES\" \/>\n<meta property=\"og:type\" content=\"article\" \/>\n<meta property=\"og:title\" content=\"La Argentina de Milei consigue un super\u00e1vit fiscal por quinto mes consecutivo\" \/>\n<meta property=\"og:description\" content=\"El super\u00e1vit fiscal de Argentina es posiblemente una de las estabilizaciones macroecon\u00f3micas m\u00e1s r\u00e1pidas (y con un shock mayor) de las \u00faltimas d\u00e9cadas.\" \/>\n<meta property=\"og:url\" content=\"https:\/\/milei.ufm.edu\/es\/2024\/milei-consigue-superavit-fiscal\/\" \/>\n<meta property=\"og:site_name\" content=\"UFM Reform Watch\" \/>\n<meta property=\"article:published_time\" content=\"2024-06-19T01:08:50+00:00\" \/>\n<meta property=\"article:modified_time\" content=\"2024-09-07T21:45:32+00:00\" \/>\n<meta property=\"og:image\" content=\"https:\/\/milei.ufm.edu\/es\/wp-content\/uploads\/2024\/06\/Daniel-Fernandez-8.jpg\" \/>\n\t<meta property=\"og:image:width\" content=\"1200\" \/>\n\t<meta property=\"og:image:height\" content=\"630\" \/>\n\t<meta property=\"og:image:type\" content=\"image\/jpeg\" \/>\n<meta name=\"author\" content=\"reformwatch\" \/>\n<meta name=\"twitter:card\" content=\"summary_large_image\" \/>\n<meta name=\"twitter:title\" content=\"La Argentina de Milei consigue un super\u00e1vit fiscal por quinto mes consecutivo\" \/>\n<meta name=\"twitter:description\" content=\"El super\u00e1vit fiscal de Argentina es posiblemente una de las estabilizaciones macroecon\u00f3micas m\u00e1s r\u00e1pidas (y con un shock mayor) de las \u00faltimas d\u00e9cadas.\" \/>\n<meta name=\"twitter:image\" content=\"https:\/\/milei.ufm.edu\/es\/wp-content\/uploads\/2024\/06\/Daniel-Fernandez-8.jpg\" \/>\n<meta name=\"twitter:label1\" content=\"Escrito por\" \/>\n\t<meta name=\"twitter:data1\" content=\"reformwatch\" \/>\n\t<meta name=\"twitter:label2\" content=\"Tiempo de lectura\" \/>\n\t<meta name=\"twitter:data2\" content=\"2 minutos\" \/>\n<script type=\"application\/ld+json\" class=\"yoast-schema-graph\">{\"@context\":\"https:\/\/schema.org\",\"@graph\":[{\"@type\":\"WebPage\",\"@id\":\"https:\/\/milei.ufm.edu\/es\/2024\/milei-consigue-superavit-fiscal\/\",\"url\":\"https:\/\/milei.ufm.edu\/es\/2024\/milei-consigue-superavit-fiscal\/\",\"name\":\"La Argentina de Milei consigue un super\u00e1vit fiscal por quinto mes consecutivo | UFM Reform Watch\",\"isPartOf\":{\"@id\":\"https:\/\/milei.ufm.edu\/es\/#website\"},\"datePublished\":\"2024-06-19T01:08:50+00:00\",\"dateModified\":\"2024-09-07T21:45:32+00:00\",\"author\":{\"@id\":\"https:\/\/milei.ufm.edu\/es\/#\/schema\/person\/b393cc0a83a805d001d74015c76a5c9f\"},\"description\":\"El super\u00e1vit fiscal de Argentina es posiblemente una de las estabilizaciones macroecon\u00f3micas m\u00e1s r\u00e1pidas (y con un shock mayor) de las \u00faltimas d\u00e9cadas.\",\"breadcrumb\":{\"@id\":\"https:\/\/milei.ufm.edu\/es\/2024\/milei-consigue-superavit-fiscal\/#breadcrumb\"},\"inLanguage\":\"es\",\"potentialAction\":[{\"@type\":\"ReadAction\",\"target\":[\"https:\/\/milei.ufm.edu\/es\/2024\/milei-consigue-superavit-fiscal\/\"]}]},{\"@type\":\"BreadcrumbList\",\"@id\":\"https:\/\/milei.ufm.edu\/es\/2024\/milei-consigue-superavit-fiscal\/#breadcrumb\",\"itemListElement\":[{\"@type\":\"ListItem\",\"position\":1,\"name\":\"Portada\",\"item\":\"https:\/\/milei.ufm.edu\/es\/\"},{\"@type\":\"ListItem\",\"position\":2,\"name\":\"La Argentina de Milei consigue un super\u00e1vit fiscal por quinto mes consecutivo\"}]},{\"@type\":\"WebSite\",\"@id\":\"https:\/\/milei.ufm.edu\/es\/#website\",\"url\":\"https:\/\/milei.ufm.edu\/es\/\",\"name\":\"UFM Reform Watch\",\"description\":\"UFM Reform Watch de Milei 2023-2027\",\"potentialAction\":[{\"@type\":\"SearchAction\",\"target\":{\"@type\":\"EntryPoint\",\"urlTemplate\":\"https:\/\/milei.ufm.edu\/es\/?s={search_term_string}\"},\"query-input\":\"required name=search_term_string\"}],\"inLanguage\":\"es\"},{\"@type\":\"Person\",\"@id\":\"https:\/\/milei.ufm.edu\/es\/#\/schema\/person\/b393cc0a83a805d001d74015c76a5c9f\",\"name\":\"reformwatch\",\"image\":{\"@type\":\"ImageObject\",\"inLanguage\":\"es\",\"@id\":\"https:\/\/milei.ufm.edu\/es\/#\/schema\/person\/image\/\",\"url\":\"https:\/\/secure.gravatar.com\/avatar\/24d9aff18740c03ed606366c8f581799619a9b21b4620b2c67743f3f17fb5181?s=96&d=mm&r=g\",\"contentUrl\":\"https:\/\/secure.gravatar.com\/avatar\/24d9aff18740c03ed606366c8f581799619a9b21b4620b2c67743f3f17fb5181?s=96&d=mm&r=g\",\"caption\":\"reformwatch\"},\"url\":\"https:\/\/milei.ufm.edu\/es\/author\/reformwatch\/\"}]}<\/script>\n<!-- \/ Yoast SEO plugin. -->","yoast_head_json":{"title":"La Argentina de Milei consigue un super\u00e1vit fiscal por quinto mes consecutivo | UFM Reform Watch","description":"El super\u00e1vit fiscal de Argentina es posiblemente una de las estabilizaciones macroecon\u00f3micas m\u00e1s r\u00e1pidas (y con un shock mayor) de las \u00faltimas d\u00e9cadas.","robots":{"index":"index","follow":"follow","max-snippet":"max-snippet:-1","max-image-preview":"max-image-preview:large","max-video-preview":"max-video-preview:-1"},"canonical":"https:\/\/milei.ufm.edu\/es\/2024\/milei-consigue-superavit-fiscal\/","og_locale":"es_ES","og_type":"article","og_title":"La Argentina de Milei consigue un super\u00e1vit fiscal por quinto mes consecutivo","og_description":"El super\u00e1vit fiscal de Argentina es posiblemente una de las estabilizaciones macroecon\u00f3micas m\u00e1s r\u00e1pidas (y con un shock mayor) de las \u00faltimas d\u00e9cadas.","og_url":"https:\/\/milei.ufm.edu\/es\/2024\/milei-consigue-superavit-fiscal\/","og_site_name":"UFM Reform Watch","article_published_time":"2024-06-19T01:08:50+00:00","article_modified_time":"2024-09-07T21:45:32+00:00","og_image":[{"width":1200,"height":630,"url":"https:\/\/milei.ufm.edu\/es\/wp-content\/uploads\/2024\/06\/Daniel-Fernandez-8.jpg","type":"image\/jpeg"}],"author":"reformwatch","twitter_card":"summary_large_image","twitter_title":"La Argentina de Milei consigue un super\u00e1vit fiscal por quinto mes consecutivo","twitter_description":"El super\u00e1vit fiscal de Argentina es posiblemente una de las estabilizaciones macroecon\u00f3micas m\u00e1s r\u00e1pidas (y con un shock mayor) de las \u00faltimas d\u00e9cadas.","twitter_image":"https:\/\/milei.ufm.edu\/es\/wp-content\/uploads\/2024\/06\/Daniel-Fernandez-8.jpg","twitter_misc":{"Escrito por":"reformwatch","Tiempo de lectura":"2 minutos"},"schema":{"@context":"https:\/\/schema.org","@graph":[{"@type":"WebPage","@id":"https:\/\/milei.ufm.edu\/es\/2024\/milei-consigue-superavit-fiscal\/","url":"https:\/\/milei.ufm.edu\/es\/2024\/milei-consigue-superavit-fiscal\/","name":"La Argentina de Milei consigue un super\u00e1vit fiscal por quinto mes consecutivo | UFM Reform Watch","isPartOf":{"@id":"https:\/\/milei.ufm.edu\/es\/#website"},"datePublished":"2024-06-19T01:08:50+00:00","dateModified":"2024-09-07T21:45:32+00:00","author":{"@id":"https:\/\/milei.ufm.edu\/es\/#\/schema\/person\/b393cc0a83a805d001d74015c76a5c9f"},"description":"El super\u00e1vit fiscal de Argentina es posiblemente una de las estabilizaciones macroecon\u00f3micas m\u00e1s r\u00e1pidas (y con un shock mayor) de las \u00faltimas d\u00e9cadas.","breadcrumb":{"@id":"https:\/\/milei.ufm.edu\/es\/2024\/milei-consigue-superavit-fiscal\/#breadcrumb"},"inLanguage":"es","potentialAction":[{"@type":"ReadAction","target":["https:\/\/milei.ufm.edu\/es\/2024\/milei-consigue-superavit-fiscal\/"]}]},{"@type":"BreadcrumbList","@id":"https:\/\/milei.ufm.edu\/es\/2024\/milei-consigue-superavit-fiscal\/#breadcrumb","itemListElement":[{"@type":"ListItem","position":1,"name":"Portada","item":"https:\/\/milei.ufm.edu\/es\/"},{"@type":"ListItem","position":2,"name":"La Argentina de Milei consigue un super\u00e1vit fiscal por quinto mes consecutivo"}]},{"@type":"WebSite","@id":"https:\/\/milei.ufm.edu\/es\/#website","url":"https:\/\/milei.ufm.edu\/es\/","name":"UFM Reform Watch","description":"UFM Reform Watch de Milei 2023-2027","potentialAction":[{"@type":"SearchAction","target":{"@type":"EntryPoint","urlTemplate":"https:\/\/milei.ufm.edu\/es\/?s={search_term_string}"},"query-input":"required name=search_term_string"}],"inLanguage":"es"},{"@type":"Person","@id":"https:\/\/milei.ufm.edu\/es\/#\/schema\/person\/b393cc0a83a805d001d74015c76a5c9f","name":"reformwatch","image":{"@type":"ImageObject","inLanguage":"es","@id":"https:\/\/milei.ufm.edu\/es\/#\/schema\/person\/image\/","url":"https:\/\/secure.gravatar.com\/avatar\/24d9aff18740c03ed606366c8f581799619a9b21b4620b2c67743f3f17fb5181?s=96&d=mm&r=g","contentUrl":"https:\/\/secure.gravatar.com\/avatar\/24d9aff18740c03ed606366c8f581799619a9b21b4620b2c67743f3f17fb5181?s=96&d=mm&r=g","caption":"reformwatch"},"url":"https:\/\/milei.ufm.edu\/es\/author\/reformwatch\/"}]}},"meta_box":{"destacado":"0","cadep_autor":["5975"],"post_concept":[]},"_links":{"self":[{"href":"https:\/\/milei.ufm.edu\/es\/wp-json\/wp\/v2\/posts\/8524","targetHints":{"allow":["GET"]}}],"collection":[{"href":"https:\/\/milei.ufm.edu\/es\/wp-json\/wp\/v2\/posts"}],"about":[{"href":"https:\/\/milei.ufm.edu\/es\/wp-json\/wp\/v2\/types\/post"}],"author":[{"embeddable":true,"href":"https:\/\/milei.ufm.edu\/es\/wp-json\/wp\/v2\/users\/10"}],"replies":[{"embeddable":true,"href":"https:\/\/milei.ufm.edu\/es\/wp-json\/wp\/v2\/comments?post=8524"}],"version-history":[{"count":11,"href":"https:\/\/milei.ufm.edu\/es\/wp-json\/wp\/v2\/posts\/8524\/revisions"}],"predecessor-version":[{"id":8563,"href":"https:\/\/milei.ufm.edu\/es\/wp-json\/wp\/v2\/posts\/8524\/revisions\/8563"}],"wp:featuredmedia":[{"embeddable":true,"href":"https:\/\/milei.ufm.edu\/es\/wp-json\/wp\/v2\/media\/9040"}],"wp:attachment":[{"href":"https:\/\/milei.ufm.edu\/es\/wp-json\/wp\/v2\/media?parent=8524"}],"wp:term":[{"taxonomy":"category","embeddable":true,"href":"https:\/\/milei.ufm.edu\/es\/wp-json\/wp\/v2\/categories?post=8524"},{"taxonomy":"post_tag","embeddable":true,"href":"https:\/\/milei.ufm.edu\/es\/wp-json\/wp\/v2\/tags?post=8524"},{"taxonomy":"tema","embeddable":true,"href":"https:\/\/milei.ufm.edu\/es\/wp-json\/wp\/v2\/tema?post=8524"}],"curies":[{"name":"wp","href":"https:\/\/api.w.org\/{rel}","templated":true}]}}